{"id":703,"date":"2025-05-16T06:27:42","date_gmt":"2025-05-16T05:27:42","guid":{"rendered":"https:\/\/www.saintjoseph-machecoul.fr\/les-arts-a-stjo\/?p=703"},"modified":"2025-05-16T06:34:17","modified_gmt":"2025-05-16T05:34:17","slug":"echange-avec-la-thailande-le-clip-sur-la-culture-francaise-envoye-aux-lyceens-thailandais","status":"publish","type":"post","link":"https:\/\/www.saintjoseph-machecoul.fr\/les-arts-a-stjo\/?p=703","title":{"rendered":"\u00c9change avec la Tha\u00eflande : le clip sur la culture fran\u00e7aise envoy\u00e9 aux lyc\u00e9ens tha\u00eflandais"},"content":{"rendered":"\n<figure class=\"wp-block-image size-large\"><a href=\"https:\/\/www.saintjoseph-machecoul.fr\/les-arts-a-stjo\/wp-content\/uploads\/2025\/05\/IMG_2460-scaled.jpeg\"><img loading=\"lazy\" decoding=\"async\" width=\"1024\" height=\"789\" src=\"https:\/\/www.saintjoseph-machecoul.fr\/les-arts-a-stjo\/wp-content\/uploads\/2025\/05\/IMG_2460-1024x789.jpeg\" alt=\"\" class=\"wp-image-704\" srcset=\"https:\/\/www.saintjoseph-machecoul.fr\/les-arts-a-stjo\/wp-content\/uploads\/2025\/05\/IMG_2460-1024x789.jpeg 1024w, https:\/\/www.saintjoseph-machecoul.fr\/les-arts-a-stjo\/wp-content\/uploads\/2025\/05\/IMG_2460-300x231.jpeg 300w, https:\/\/www.saintjoseph-machecoul.fr\/les-arts-a-stjo\/wp-content\/uploads\/2025\/05\/IMG_2460-768x592.jpeg 768w, https:\/\/www.saintjoseph-machecoul.fr\/les-arts-a-stjo\/wp-content\/uploads\/2025\/05\/IMG_2460-1536x1184.jpeg 1536w, https:\/\/www.saintjoseph-machecoul.fr\/les-arts-a-stjo\/wp-content\/uploads\/2025\/05\/IMG_2460-2048x1578.jpeg 2048w\" sizes=\"auto, (max-width: 1024px) 100vw, 1024px\" \/><\/a><\/figure>\n\n\n\n<p>Les \u00e9l\u00e8ves de 2A et 2F ont \u00e9crit une chanson et r\u00e9alis\u00e9 de nombreux dessins r\u00e9unis dans un clip pour illustrer la culture fran\u00e7aise qu\u2019elle soit locale, r\u00e9gionale ou nationale afin que les lyc\u00e9ens tha\u00eflandais d\u00e9couvrent celle-ci.<\/p>\n<p>\u00a0<\/p>\n\n\n\n<figure class=\"wp-block-image size-large\"><a href=\"https:\/\/www.saintjoseph-machecoul.fr\/les-arts-a-stjo\/wp-content\/uploads\/2025\/05\/IMG_2599.png\"><img loading=\"lazy\" decoding=\"async\" width=\"1024\" height=\"768\" src=\"https:\/\/www.saintjoseph-machecoul.fr\/les-arts-a-stjo\/wp-content\/uploads\/2025\/05\/IMG_2599-1024x768.png\" alt=\"\" class=\"wp-image-708\" srcset=\"https:\/\/www.saintjoseph-machecoul.fr\/les-arts-a-stjo\/wp-content\/uploads\/2025\/05\/IMG_2599-1024x768.png 1024w, https:\/\/www.saintjoseph-machecoul.fr\/les-arts-a-stjo\/wp-content\/uploads\/2025\/05\/IMG_2599-300x225.png 300w, https:\/\/www.saintjoseph-machecoul.fr\/les-arts-a-stjo\/wp-content\/uploads\/2025\/05\/IMG_2599-768x576.png 768w, https:\/\/www.saintjoseph-machecoul.fr\/les-arts-a-stjo\/wp-content\/uploads\/2025\/05\/IMG_2599-1536x1152.png 1536w, https:\/\/www.saintjoseph-machecoul.fr\/les-arts-a-stjo\/wp-content\/uploads\/2025\/05\/IMG_2599-2048x1536.png 2048w\" sizes=\"auto, (max-width: 1024px) 100vw, 1024px\" \/><\/a><\/figure>\n\n\n\n\n\n<figure class=\"wp-block-image size-large\"><a href=\"https:\/\/www.saintjoseph-machecoul.fr\/les-arts-a-stjo\/wp-content\/uploads\/2025\/05\/IMG_2600.jpeg\"><img loading=\"lazy\" decoding=\"async\" width=\"1024\" height=\"572\" src=\"https:\/\/www.saintjoseph-machecoul.fr\/les-arts-a-stjo\/wp-content\/uploads\/2025\/05\/IMG_2600-1024x572.jpeg\" alt=\"\" class=\"wp-image-710\" srcset=\"https:\/\/www.saintjoseph-machecoul.fr\/les-arts-a-stjo\/wp-content\/uploads\/2025\/05\/IMG_2600-1024x572.jpeg 1024w, https:\/\/www.saintjoseph-machecoul.fr\/les-arts-a-stjo\/wp-content\/uploads\/2025\/05\/IMG_2600-300x168.jpeg 300w, https:\/\/www.saintjoseph-machecoul.fr\/les-arts-a-stjo\/wp-content\/uploads\/2025\/05\/IMG_2600-768x429.jpeg 768w, https:\/\/www.saintjoseph-machecoul.fr\/les-arts-a-stjo\/wp-content\/uploads\/2025\/05\/IMG_2600-1536x858.jpeg 1536w, https:\/\/www.saintjoseph-machecoul.fr\/les-arts-a-stjo\/wp-content\/uploads\/2025\/05\/IMG_2600-2048x1144.jpeg 2048w\" sizes=\"auto, (max-width: 1024px) 100vw, 1024px\" \/><\/a><figcaption class=\"wp-element-caption\">Screenshot<\/figcaption><\/figure>\n\n\n\n\n\n\n","protected":false},"excerpt":{"rendered":"<p>Les \u00e9l\u00e8ves de 2A et 2F ont \u00e9crit une chanson et r\u00e9alis\u00e9 de nombreux dessins r\u00e9unis dans un clip pour illustrer la culture fran\u00e7aise qu\u2019elle soit locale, r\u00e9gionale ou nationale afin que les lyc\u00e9ens tha\u00eflandais d\u00e9couvrent celle-ci. \u00a0<\/p>\n","protected":false},"author":3,"featured_media":0,"comment_status":"open","ping_status":"open","sticky":false,"template":"","format":"standard","meta":{"footnotes":""},"categories":[1],"tags":[],"class_list":["post-703","post","type-post","status-publish","format-standard","hentry","category-non-classe"],"_links":{"self":[{"href":"https:\/\/www.saintjoseph-machecoul.fr\/les-arts-a-stjo\/index.php?rest_route=\/wp\/v2\/posts\/703","targetHints":{"allow":["GET"]}}],"collection":[{"href":"https:\/\/www.saintjoseph-machecoul.fr\/les-arts-a-stjo\/index.php?rest_route=\/wp\/v2\/posts"}],"about":[{"href":"https:\/\/www.saintjoseph-machecoul.fr\/les-arts-a-stjo\/index.php?rest_route=\/wp\/v2\/types\/post"}],"author":[{"embeddable":true,"href":"https:\/\/www.saintjoseph-machecoul.fr\/les-arts-a-stjo\/index.php?rest_route=\/wp\/v2\/users\/3"}],"replies":[{"embeddable":true,"href":"https:\/\/www.saintjoseph-machecoul.fr\/les-arts-a-stjo\/index.php?rest_route=%2Fwp%2Fv2%2Fcomments&post=703"}],"version-history":[{"count":3,"href":"https:\/\/www.saintjoseph-machecoul.fr\/les-arts-a-stjo\/index.php?rest_route=\/wp\/v2\/posts\/703\/revisions"}],"predecessor-version":[{"id":712,"href":"https:\/\/www.saintjoseph-machecoul.fr\/les-arts-a-stjo\/index.php?rest_route=\/wp\/v2\/posts\/703\/revisions\/712"}],"wp:attachment":[{"href":"https:\/\/www.saintjoseph-machecoul.fr\/les-arts-a-stjo\/index.php?rest_route=%2Fwp%2Fv2%2Fmedia&parent=703"}],"wp:term":[{"taxonomy":"category","embeddable":true,"href":"https:\/\/www.saintjoseph-machecoul.fr\/les-arts-a-stjo\/index.php?rest_route=%2Fwp%2Fv2%2Fcategories&post=703"},{"taxonomy":"post_tag","embeddable":true,"href":"https:\/\/www.saintjoseph-machecoul.fr\/les-arts-a-stjo\/index.php?rest_route=%2Fwp%2Fv2%2Ftags&post=703"}],"curies":[{"name":"wp","href":"https:\/\/api.w.org\/{rel}","templated":true}]}}