{"id":658,"date":"2024-11-27T20:09:47","date_gmt":"2024-11-27T19:09:47","guid":{"rendered":"https:\/\/www.saintjoseph-machecoul.fr\/les-arts-a-stjo\/?p=658"},"modified":"2024-11-29T11:23:20","modified_gmt":"2024-11-29T10:23:20","slug":"les-2ndes-arts-et-video-en-visio-avec-la-thailande","status":"publish","type":"post","link":"https:\/\/www.saintjoseph-machecoul.fr\/les-arts-a-stjo\/?p=658","title":{"rendered":"Les 2ndes Arts et vid\u00e9o en visio avec la Tha\u00eflande !"},"content":{"rendered":"\n<figure class=\"wp-block-image size-full\"><a href=\"https:\/\/www.saintjoseph-machecoul.fr\/les-arts-a-stjo\/wp-content\/uploads\/2024\/11\/IMG-20241111-WA0002-1.jpeg\"><img loading=\"lazy\" decoding=\"async\" width=\"720\" height=\"480\" src=\"https:\/\/www.saintjoseph-machecoul.fr\/les-arts-a-stjo\/wp-content\/uploads\/2024\/11\/IMG-20241111-WA0002-1.jpeg\" alt=\"\" class=\"wp-image-659\" srcset=\"https:\/\/www.saintjoseph-machecoul.fr\/les-arts-a-stjo\/wp-content\/uploads\/2024\/11\/IMG-20241111-WA0002-1.jpeg 720w, https:\/\/www.saintjoseph-machecoul.fr\/les-arts-a-stjo\/wp-content\/uploads\/2024\/11\/IMG-20241111-WA0002-1-300x200.jpeg 300w\" sizes=\"auto, (max-width: 720px) 100vw, 720px\" \/><\/a><\/figure>\n\n\n\n<p>Jeudi 28 novembre 2024, les \u00e9l\u00e8ves de l\u2019option \u00e9taient en visio avec le lyc\u00e9e Thare school de la ville tha\u00eflandaise de Tha rae pour un \u00e9change international autour de l\u2019art. <br>Au programme : la naissance d\u2019un projet artistique consistant \u00e0 r\u00e9aliser deux clips &nbsp;vid\u00e9o qui refl\u00e9teront chacun l\u2019identit\u00e9 et la culture de chaque \u00e9tablissement. Un projet d\u00e9cid\u00e9 et propos\u00e9 par les professeurs tha\u00eflandais et fran\u00e7ais \u00e0 leurs \u00e9l\u00e8ves. Une correspondance va \u00e9galement \u00eatre prochainement mise en place pour que les \u00e9l\u00e8ves fran\u00e7ais et tha\u00eflandais entrent en contact. &nbsp;Une belle aventure au del\u00e0 des fronti\u00e8res commence !&nbsp;<\/p>\n\n\n\n\n\n<figure class=\"wp-block-image size-large\"><a href=\"https:\/\/www.saintjoseph-machecoul.fr\/les-arts-a-stjo\/wp-content\/uploads\/2024\/11\/IMG_2898-scaled.jpeg\"><img loading=\"lazy\" decoding=\"async\" width=\"1024\" height=\"768\" src=\"https:\/\/www.saintjoseph-machecoul.fr\/les-arts-a-stjo\/wp-content\/uploads\/2024\/11\/IMG_2898-1024x768.jpeg\" alt=\"\" class=\"wp-image-678\" srcset=\"https:\/\/www.saintjoseph-machecoul.fr\/les-arts-a-stjo\/wp-content\/uploads\/2024\/11\/IMG_2898-1024x768.jpeg 1024w, https:\/\/www.saintjoseph-machecoul.fr\/les-arts-a-stjo\/wp-content\/uploads\/2024\/11\/IMG_2898-300x225.jpeg 300w, https:\/\/www.saintjoseph-machecoul.fr\/les-arts-a-stjo\/wp-content\/uploads\/2024\/11\/IMG_2898-768x576.jpeg 768w, https:\/\/www.saintjoseph-machecoul.fr\/les-arts-a-stjo\/wp-content\/uploads\/2024\/11\/IMG_2898-1536x1152.jpeg 1536w, https:\/\/www.saintjoseph-machecoul.fr\/les-arts-a-stjo\/wp-content\/uploads\/2024\/11\/IMG_2898-2048x1536.jpeg 2048w\" sizes=\"auto, (max-width: 1024px) 100vw, 1024px\" \/><\/a><\/figure>\n\n\n\n\n\n<figure class=\"wp-block-image size-large\"><a href=\"https:\/\/www.saintjoseph-machecoul.fr\/les-arts-a-stjo\/wp-content\/uploads\/2024\/11\/IMG_2895-scaled.jpeg\"><img loading=\"lazy\" decoding=\"async\" width=\"1024\" height=\"768\" src=\"https:\/\/www.saintjoseph-machecoul.fr\/les-arts-a-stjo\/wp-content\/uploads\/2024\/11\/IMG_2895-1024x768.jpeg\" alt=\"\" class=\"wp-image-681\" srcset=\"https:\/\/www.saintjoseph-machecoul.fr\/les-arts-a-stjo\/wp-content\/uploads\/2024\/11\/IMG_2895-1024x768.jpeg 1024w, https:\/\/www.saintjoseph-machecoul.fr\/les-arts-a-stjo\/wp-content\/uploads\/2024\/11\/IMG_2895-300x225.jpeg 300w, https:\/\/www.saintjoseph-machecoul.fr\/les-arts-a-stjo\/wp-content\/uploads\/2024\/11\/IMG_2895-768x576.jpeg 768w, https:\/\/www.saintjoseph-machecoul.fr\/les-arts-a-stjo\/wp-content\/uploads\/2024\/11\/IMG_2895-1536x1152.jpeg 1536w, https:\/\/www.saintjoseph-machecoul.fr\/les-arts-a-stjo\/wp-content\/uploads\/2024\/11\/IMG_2895-2048x1536.jpeg 2048w\" sizes=\"auto, (max-width: 1024px) 100vw, 1024px\" \/><\/a><\/figure>\n","protected":false},"excerpt":{"rendered":"<p>Jeudi 28 novembre 2024, les \u00e9l\u00e8ves de l\u2019option \u00e9taient en visio avec le lyc\u00e9e Thare school de la ville tha\u00eflandaise de Tha rae pour un \u00e9change international autour de l\u2019art. Au programme : la naissance d\u2019un projet artistique consistant \u00e0 r\u00e9aliser deux clips &nbsp;vid\u00e9o qui refl\u00e9teront chacun l\u2019identit\u00e9 et la culture de chaque \u00e9tablissement. Un &hellip; <a href=\"https:\/\/www.saintjoseph-machecoul.fr\/les-arts-a-stjo\/?p=658\" class=\"more-link\">Continuer la lecture de <span class=\"screen-reader-text\">Les 2ndes Arts et vid\u00e9o en visio avec la Tha\u00eflande !<\/span> <span class=\"meta-nav\">&rarr;<\/span><\/a><\/p>\n","protected":false},"author":3,"featured_media":0,"comment_status":"open","ping_status":"open","sticky":false,"template":"","format":"standard","meta":{"footnotes":""},"categories":[1],"tags":[],"class_list":["post-658","post","type-post","status-publish","format-standard","hentry","category-non-classe"],"_links":{"self":[{"href":"https:\/\/www.saintjoseph-machecoul.fr\/les-arts-a-stjo\/index.php?rest_route=\/wp\/v2\/posts\/658","targetHints":{"allow":["GET"]}}],"collection":[{"href":"https:\/\/www.saintjoseph-machecoul.fr\/les-arts-a-stjo\/index.php?rest_route=\/wp\/v2\/posts"}],"about":[{"href":"https:\/\/www.saintjoseph-machecoul.fr\/les-arts-a-stjo\/index.php?rest_route=\/wp\/v2\/types\/post"}],"author":[{"embeddable":true,"href":"https:\/\/www.saintjoseph-machecoul.fr\/les-arts-a-stjo\/index.php?rest_route=\/wp\/v2\/users\/3"}],"replies":[{"embeddable":true,"href":"https:\/\/www.saintjoseph-machecoul.fr\/les-arts-a-stjo\/index.php?rest_route=%2Fwp%2Fv2%2Fcomments&post=658"}],"version-history":[{"count":3,"href":"https:\/\/www.saintjoseph-machecoul.fr\/les-arts-a-stjo\/index.php?rest_route=\/wp\/v2\/posts\/658\/revisions"}],"predecessor-version":[{"id":682,"href":"https:\/\/www.saintjoseph-machecoul.fr\/les-arts-a-stjo\/index.php?rest_route=\/wp\/v2\/posts\/658\/revisions\/682"}],"wp:attachment":[{"href":"https:\/\/www.saintjoseph-machecoul.fr\/les-arts-a-stjo\/index.php?rest_route=%2Fwp%2Fv2%2Fmedia&parent=658"}],"wp:term":[{"taxonomy":"category","embeddable":true,"href":"https:\/\/www.saintjoseph-machecoul.fr\/les-arts-a-stjo\/index.php?rest_route=%2Fwp%2Fv2%2Fcategories&post=658"},{"taxonomy":"post_tag","embeddable":true,"href":"https:\/\/www.saintjoseph-machecoul.fr\/les-arts-a-stjo\/index.php?rest_route=%2Fwp%2Fv2%2Ftags&post=658"}],"curies":[{"name":"wp","href":"https:\/\/api.w.org\/{rel}","templated":true}]}}