{"id":190,"date":"2017-01-12T14:48:48","date_gmt":"2017-01-12T13:48:48","guid":{"rendered":"https:\/\/www.saintjoseph-machecoul.fr\/les-arts-a-stjo\/?p=190"},"modified":"2017-01-13T18:06:55","modified_gmt":"2017-01-13T17:06:55","slug":"paris-accueille-les-arts-visuels","status":"publish","type":"post","link":"https:\/\/www.saintjoseph-machecoul.fr\/les-arts-a-stjo\/?p=190","title":{"rendered":"Paris accueille les Arts Visuels"},"content":{"rendered":"<p>Les 8 et 9 d\u00e9cembre derniers les secondes Arts Visuels sont partis \u00e0 Paris. Durant ces deux jours, nous avons visit\u00e9 des mus\u00e9es c\u00e9l\u00e8bres tels que le mus\u00e9e d&rsquo;Orsay et Beaubourg. Nous sommes aussi all\u00e9s \u00e0 la d\u00e9couverte de la Cin\u00e9math\u00e8que Fran\u00e7aise o\u00f9 se trouvent les premiers pas de la naissance du cin\u00e9ma&#8230;<\/p>\n<p>Le soir, les \u00e9l\u00e8ves se sont rendus dans la fameuse salle du \u00ab\u00a0Point Virgule\u00a0\u00bb pour assister \u00e0 un spectacle th\u00e9\u00e2tral : Desperate Housemen.<\/p>\n<p><img loading=\"lazy\" decoding=\"async\" class=\"alignnone size-medium wp-image-191\" src=\"https:\/\/www.saintjoseph-machecoul.fr\/les-arts-a-stjo\/wp-content\/uploads\/2017\/01\/received_567678576761200-300x169.jpeg\" alt=\"\" width=\"300\" height=\"169\" srcset=\"https:\/\/www.saintjoseph-machecoul.fr\/les-arts-a-stjo\/wp-content\/uploads\/2017\/01\/received_567678576761200-300x169.jpeg 300w, https:\/\/www.saintjoseph-machecoul.fr\/les-arts-a-stjo\/wp-content\/uploads\/2017\/01\/received_567678576761200-768x432.jpeg 768w, https:\/\/www.saintjoseph-machecoul.fr\/les-arts-a-stjo\/wp-content\/uploads\/2017\/01\/received_567678576761200-1024x576.jpeg 1024w, https:\/\/www.saintjoseph-machecoul.fr\/les-arts-a-stjo\/wp-content\/uploads\/2017\/01\/received_567678576761200.jpeg 1208w\" sizes=\"auto, (max-width: 300px) 100vw, 300px\" \/><\/p>\n<p>Au \u00ab\u00a0Point Virgule\u00a0\u00bb avec l&rsquo;acteur Pascal L\u00e9gitimus, un des trois c\u00e9l\u00e8bres Inconnus<\/p>\n<p><a href=\"https:\/\/www.saintjoseph-machecoul.fr\/les-arts-a-stjo\/wp-content\/uploads\/2017\/01\/received_481829225297346.jpeg\"><img loading=\"lazy\" decoding=\"async\" class=\"alignnone size-medium wp-image-193\" src=\"https:\/\/www.saintjoseph-machecoul.fr\/les-arts-a-stjo\/wp-content\/uploads\/2017\/01\/received_481829225297346-260x300.jpeg\" alt=\"\" width=\"260\" height=\"300\" srcset=\"https:\/\/www.saintjoseph-machecoul.fr\/les-arts-a-stjo\/wp-content\/uploads\/2017\/01\/received_481829225297346-260x300.jpeg 260w, https:\/\/www.saintjoseph-machecoul.fr\/les-arts-a-stjo\/wp-content\/uploads\/2017\/01\/received_481829225297346-768x886.jpeg 768w, https:\/\/www.saintjoseph-machecoul.fr\/les-arts-a-stjo\/wp-content\/uploads\/2017\/01\/received_481829225297346-888x1024.jpeg 888w, https:\/\/www.saintjoseph-machecoul.fr\/les-arts-a-stjo\/wp-content\/uploads\/2017\/01\/received_481829225297346.jpeg 1047w\" sizes=\"auto, (max-width: 260px) 100vw, 260px\" \/><\/a><\/p>\n<p>La magnifique horloge d&rsquo;Orsay<\/p>\n<p><a href=\"https:\/\/www.saintjoseph-machecoul.fr\/les-arts-a-stjo\/wp-content\/uploads\/2017\/01\/received_469151949921789.jpeg\"><img loading=\"lazy\" decoding=\"async\" class=\"alignnone size-medium wp-image-194\" src=\"https:\/\/www.saintjoseph-machecoul.fr\/les-arts-a-stjo\/wp-content\/uploads\/2017\/01\/received_469151949921789-300x225.jpeg\" alt=\"\" width=\"300\" height=\"225\" srcset=\"https:\/\/www.saintjoseph-machecoul.fr\/les-arts-a-stjo\/wp-content\/uploads\/2017\/01\/received_469151949921789-300x225.jpeg 300w, https:\/\/www.saintjoseph-machecoul.fr\/les-arts-a-stjo\/wp-content\/uploads\/2017\/01\/received_469151949921789-768x576.jpeg 768w, https:\/\/www.saintjoseph-machecoul.fr\/les-arts-a-stjo\/wp-content\/uploads\/2017\/01\/received_469151949921789-1024x768.jpeg 1024w, https:\/\/www.saintjoseph-machecoul.fr\/les-arts-a-stjo\/wp-content\/uploads\/2017\/01\/received_469151949921789.jpeg 1208w\" sizes=\"auto, (max-width: 300px) 100vw, 300px\" \/><\/a><\/p>\n<p>Les quais Parisiens<\/p>\n<p><a href=\"https:\/\/www.saintjoseph-machecoul.fr\/les-arts-a-stjo\/wp-content\/uploads\/2017\/01\/received_1716080138720809.jpeg\"><img loading=\"lazy\" decoding=\"async\" class=\"alignnone size-medium wp-image-195\" src=\"https:\/\/www.saintjoseph-machecoul.fr\/les-arts-a-stjo\/wp-content\/uploads\/2017\/01\/received_1716080138720809-300x215.jpeg\" alt=\"\" width=\"300\" height=\"215\" srcset=\"https:\/\/www.saintjoseph-machecoul.fr\/les-arts-a-stjo\/wp-content\/uploads\/2017\/01\/received_1716080138720809-300x215.jpeg 300w, https:\/\/www.saintjoseph-machecoul.fr\/les-arts-a-stjo\/wp-content\/uploads\/2017\/01\/received_1716080138720809-768x550.jpeg 768w, https:\/\/www.saintjoseph-machecoul.fr\/les-arts-a-stjo\/wp-content\/uploads\/2017\/01\/received_1716080138720809.jpeg 960w\" sizes=\"auto, (max-width: 300px) 100vw, 300px\" \/><\/a><\/p>\n<p>Au skate park de Bercy o\u00f9 nous avons film\u00e9 aussi un mannequin challenge<\/p>\n","protected":false},"excerpt":{"rendered":"<p>Les 8 et 9 d\u00e9cembre derniers les secondes Arts Visuels sont partis \u00e0 Paris. Durant ces deux jours, nous avons visit\u00e9 des mus\u00e9es c\u00e9l\u00e8bres tels que le mus\u00e9e d&rsquo;Orsay et Beaubourg. Nous sommes aussi all\u00e9s \u00e0 la d\u00e9couverte de la Cin\u00e9math\u00e8que Fran\u00e7aise o\u00f9 se trouvent les premiers pas de la naissance du cin\u00e9ma&#8230; Le soir, &hellip; <a href=\"https:\/\/www.saintjoseph-machecoul.fr\/les-arts-a-stjo\/?p=190\" class=\"more-link\">Continuer la lecture de <span class=\"screen-reader-text\">Paris accueille les Arts Visuels<\/span> <span class=\"meta-nav\">&rarr;<\/span><\/a><\/p>\n","protected":false},"author":3,"featured_media":0,"comment_status":"open","ping_status":"open","sticky":false,"template":"","format":"standard","meta":{"footnotes":""},"categories":[1],"tags":[],"class_list":["post-190","post","type-post","status-publish","format-standard","hentry","category-non-classe"],"_links":{"self":[{"href":"https:\/\/www.saintjoseph-machecoul.fr\/les-arts-a-stjo\/index.php?rest_route=\/wp\/v2\/posts\/190","targetHints":{"allow":["GET"]}}],"collection":[{"href":"https:\/\/www.saintjoseph-machecoul.fr\/les-arts-a-stjo\/index.php?rest_route=\/wp\/v2\/posts"}],"about":[{"href":"https:\/\/www.saintjoseph-machecoul.fr\/les-arts-a-stjo\/index.php?rest_route=\/wp\/v2\/types\/post"}],"author":[{"embeddable":true,"href":"https:\/\/www.saintjoseph-machecoul.fr\/les-arts-a-stjo\/index.php?rest_route=\/wp\/v2\/users\/3"}],"replies":[{"embeddable":true,"href":"https:\/\/www.saintjoseph-machecoul.fr\/les-arts-a-stjo\/index.php?rest_route=%2Fwp%2Fv2%2Fcomments&post=190"}],"version-history":[{"count":3,"href":"https:\/\/www.saintjoseph-machecoul.fr\/les-arts-a-stjo\/index.php?rest_route=\/wp\/v2\/posts\/190\/revisions"}],"predecessor-version":[{"id":208,"href":"https:\/\/www.saintjoseph-machecoul.fr\/les-arts-a-stjo\/index.php?rest_route=\/wp\/v2\/posts\/190\/revisions\/208"}],"wp:attachment":[{"href":"https:\/\/www.saintjoseph-machecoul.fr\/les-arts-a-stjo\/index.php?rest_route=%2Fwp%2Fv2%2Fmedia&parent=190"}],"wp:term":[{"taxonomy":"category","embeddable":true,"href":"https:\/\/www.saintjoseph-machecoul.fr\/les-arts-a-stjo\/index.php?rest_route=%2Fwp%2Fv2%2Fcategories&post=190"},{"taxonomy":"post_tag","embeddable":true,"href":"https:\/\/www.saintjoseph-machecoul.fr\/les-arts-a-stjo\/index.php?rest_route=%2Fwp%2Fv2%2Ftags&post=190"}],"curies":[{"name":"wp","href":"https:\/\/api.w.org\/{rel}","templated":true}]}}